{"id":3743,"date":"2019-10-26T14:12:25","date_gmt":"2019-10-26T12:12:25","guid":{"rendered":"http:\/\/www.alexandra-marisa-wilcke.de\/wilcke\/?p=3743"},"modified":"2019-10-26T14:12:25","modified_gmt":"2019-10-26T12:12:25","slug":"konzert-mit-david-schirmer-in-der-grunewaldkirche","status":"publish","type":"post","link":"https:\/\/www.alexandra-marisa-wilcke.de\/wilcke\/konzert-mit-david-schirmer-in-der-grunewaldkirche\/","title":{"rendered":"Konzert mit David Schirmer in der Grunewaldkirche"},"content":{"rendered":"<p>In der Reihe &#8222;OrgelKl\u00e4nge&#8220; gibt es am \u00a01.11.2019 um 19.30h das Konzert &#8222;Du f\u00fchrst mich hinaus in die Weite&#8220;. David Schirmer ist ein junger, unglaublich virtuoser und beseelter Organist, der diese Reihe leitet und mich f\u00fcr das Konzert als S\u00e4ngerin einlud.Werke von Durufl\u00e9, Hildegard von Bingen und Arvo P\u00e4rt stehen auf dem Programm&#8230;<\/p>\n<p>Eintritt frei, um eine Spende wird gebeten. Bismarckallee 28b , 14 193 Berlin.<\/p>\n<p>&nbsp;<\/p>\n","protected":false},"excerpt":{"rendered":"<p>In der Reihe &#8222;OrgelKl\u00e4nge&#8220; gibt es am \u00a01.11.2019 um 19.30h das Konzert &#8222;Du f\u00fchrst mich hinaus in die Weite&#8220;. David Schirmer ist ein junger, unglaublich virtuoser und beseelter Organist, der diese Reihe leitet und mich f\u00fcr das Konzert als S\u00e4ngerin einlud.Werke von Durufl\u00e9, Hildegard von Bingen und Arvo P\u00e4rt stehen auf dem Programm&#8230; Eintritt frei, [&hellip;]<\/p>\n","protected":false},"author":3,"featured_media":3747,"comment_status":"closed","ping_status":"closed","sticky":false,"template":"","format":"standard","meta":{"footnotes":""},"categories":[1],"tags":[],"class_list":["post-3743","post","type-post","status-publish","format-standard","has-post-thumbnail","hentry","category-allgemein"],"yoast_head":"<!-- This site is optimized with the Yoast SEO plugin v27.5 - https:\/\/yoast.com\/product\/yoast-seo-wordpress\/ -->\n<title>Konzert mit David Schirmer in der Grunewaldkirche - Alexandra Marisa Wilcke - Official Website -<\/title>\n<meta name=\"robots\" content=\"index, follow, max-snippet:-1, max-image-preview:large, max-video-preview:-1\" \/>\n<link rel=\"canonical\" href=\"https:\/\/www.alexandra-marisa-wilcke.de\/wilcke\/konzert-mit-david-schirmer-in-der-grunewaldkirche\/\" \/>\n<meta property=\"og:locale\" content=\"de_DE\" \/>\n<meta property=\"og:type\" content=\"article\" \/>\n<meta property=\"og:title\" content=\"Konzert mit David Schirmer in der Grunewaldkirche - Alexandra Marisa Wilcke - Official Website -\" \/>\n<meta property=\"og:description\" content=\"In der Reihe &#8222;OrgelKl\u00e4nge&#8220; gibt es am \u00a01.11.2019 um 19.30h das Konzert &#8222;Du f\u00fchrst mich hinaus in die Weite&#8220;. David Schirmer ist ein junger, unglaublich virtuoser und beseelter Organist, der diese Reihe leitet und mich f\u00fcr das Konzert als S\u00e4ngerin einlud.Werke von Durufl\u00e9, Hildegard von Bingen und Arvo P\u00e4rt stehen auf dem Programm&#8230; Eintritt frei, [&hellip;]\" \/>\n<meta property=\"og:url\" content=\"https:\/\/www.alexandra-marisa-wilcke.de\/wilcke\/konzert-mit-david-schirmer-in-der-grunewaldkirche\/\" \/>\n<meta property=\"og:site_name\" content=\"Alexandra Marisa Wilcke - Official Website -\" \/>\n<meta property=\"article:published_time\" content=\"2019-10-26T12:12:25+00:00\" \/>\n<meta property=\"og:image\" content=\"http:\/\/www.alexandra-marisa-wilcke.de\/wilcke\/wp-content\/uploads\/alexandra_wilcke_news36.jpg\" \/>\n\t<meta property=\"og:image:width\" content=\"300\" \/>\n\t<meta property=\"og:image:height\" content=\"214\" \/>\n\t<meta property=\"og:image:type\" content=\"image\/jpeg\" \/>\n<meta name=\"author\" content=\"a w\" \/>\n<script type=\"application\/ld+json\" class=\"yoast-schema-graph\">{\"@context\":\"https:\\\/\\\/schema.org\",\"@graph\":[{\"@type\":\"Article\",\"@id\":\"https:\\\/\\\/www.alexandra-marisa-wilcke.de\\\/wilcke\\\/konzert-mit-david-schirmer-in-der-grunewaldkirche\\\/#article\",\"isPartOf\":{\"@id\":\"https:\\\/\\\/www.alexandra-marisa-wilcke.de\\\/wilcke\\\/konzert-mit-david-schirmer-in-der-grunewaldkirche\\\/\"},\"author\":{\"name\":\"a w\",\"@id\":\"https:\\\/\\\/www.alexandra-marisa-wilcke.de\\\/wilcke\\\/#\\\/schema\\\/person\\\/28e0d3d3251d3f20c485c462a86857b1\"},\"headline\":\"Konzert mit David Schirmer in der Grunewaldkirche\",\"datePublished\":\"2019-10-26T12:12:25+00:00\",\"mainEntityOfPage\":{\"@id\":\"https:\\\/\\\/www.alexandra-marisa-wilcke.de\\\/wilcke\\\/konzert-mit-david-schirmer-in-der-grunewaldkirche\\\/\"},\"wordCount\":76,\"image\":{\"@id\":\"https:\\\/\\\/www.alexandra-marisa-wilcke.de\\\/wilcke\\\/konzert-mit-david-schirmer-in-der-grunewaldkirche\\\/#primaryimage\"},\"thumbnailUrl\":\"https:\\\/\\\/www.alexandra-marisa-wilcke.de\\\/wilcke\\\/wp-content\\\/uploads\\\/alexandra_wilcke_news36.jpg\",\"inLanguage\":\"de\"},{\"@type\":\"WebPage\",\"@id\":\"https:\\\/\\\/www.alexandra-marisa-wilcke.de\\\/wilcke\\\/konzert-mit-david-schirmer-in-der-grunewaldkirche\\\/\",\"url\":\"https:\\\/\\\/www.alexandra-marisa-wilcke.de\\\/wilcke\\\/konzert-mit-david-schirmer-in-der-grunewaldkirche\\\/\",\"name\":\"Konzert mit David Schirmer in der Grunewaldkirche - Alexandra Marisa Wilcke - Official Website -\",\"isPartOf\":{\"@id\":\"https:\\\/\\\/www.alexandra-marisa-wilcke.de\\\/wilcke\\\/#website\"},\"primaryImageOfPage\":{\"@id\":\"https:\\\/\\\/www.alexandra-marisa-wilcke.de\\\/wilcke\\\/konzert-mit-david-schirmer-in-der-grunewaldkirche\\\/#primaryimage\"},\"image\":{\"@id\":\"https:\\\/\\\/www.alexandra-marisa-wilcke.de\\\/wilcke\\\/konzert-mit-david-schirmer-in-der-grunewaldkirche\\\/#primaryimage\"},\"thumbnailUrl\":\"https:\\\/\\\/www.alexandra-marisa-wilcke.de\\\/wilcke\\\/wp-content\\\/uploads\\\/alexandra_wilcke_news36.jpg\",\"datePublished\":\"2019-10-26T12:12:25+00:00\",\"author\":{\"@id\":\"https:\\\/\\\/www.alexandra-marisa-wilcke.de\\\/wilcke\\\/#\\\/schema\\\/person\\\/28e0d3d3251d3f20c485c462a86857b1\"},\"breadcrumb\":{\"@id\":\"https:\\\/\\\/www.alexandra-marisa-wilcke.de\\\/wilcke\\\/konzert-mit-david-schirmer-in-der-grunewaldkirche\\\/#breadcrumb\"},\"inLanguage\":\"de\",\"potentialAction\":[{\"@type\":\"ReadAction\",\"target\":[\"https:\\\/\\\/www.alexandra-marisa-wilcke.de\\\/wilcke\\\/konzert-mit-david-schirmer-in-der-grunewaldkirche\\\/\"]}]},{\"@type\":\"ImageObject\",\"inLanguage\":\"de\",\"@id\":\"https:\\\/\\\/www.alexandra-marisa-wilcke.de\\\/wilcke\\\/konzert-mit-david-schirmer-in-der-grunewaldkirche\\\/#primaryimage\",\"url\":\"https:\\\/\\\/www.alexandra-marisa-wilcke.de\\\/wilcke\\\/wp-content\\\/uploads\\\/alexandra_wilcke_news36.jpg\",\"contentUrl\":\"https:\\\/\\\/www.alexandra-marisa-wilcke.de\\\/wilcke\\\/wp-content\\\/uploads\\\/alexandra_wilcke_news36.jpg\",\"width\":300,\"height\":214},{\"@type\":\"BreadcrumbList\",\"@id\":\"https:\\\/\\\/www.alexandra-marisa-wilcke.de\\\/wilcke\\\/konzert-mit-david-schirmer-in-der-grunewaldkirche\\\/#breadcrumb\",\"itemListElement\":[{\"@type\":\"ListItem\",\"position\":1,\"name\":\"Startseite\",\"item\":\"https:\\\/\\\/www.alexandra-marisa-wilcke.de\\\/wilcke\\\/\"},{\"@type\":\"ListItem\",\"position\":2,\"name\":\"Konzert mit David Schirmer in der Grunewaldkirche\"}]},{\"@type\":\"WebSite\",\"@id\":\"https:\\\/\\\/www.alexandra-marisa-wilcke.de\\\/wilcke\\\/#website\",\"url\":\"https:\\\/\\\/www.alexandra-marisa-wilcke.de\\\/wilcke\\\/\",\"name\":\"ALEXANDRA MARISA WILCKE - Official Website -\",\"description\":\"ALEXANDRA MARISA WILCKE - Official Website -\",\"alternateName\":\"ALEXANDRA MARISA WILCKE - Official Website -\",\"potentialAction\":[{\"@type\":\"SearchAction\",\"target\":{\"@type\":\"EntryPoint\",\"urlTemplate\":\"https:\\\/\\\/www.alexandra-marisa-wilcke.de\\\/wilcke\\\/?s={search_term_string}\"},\"query-input\":{\"@type\":\"PropertyValueSpecification\",\"valueRequired\":true,\"valueName\":\"search_term_string\"}}],\"inLanguage\":\"de\"},{\"@type\":\"Person\",\"@id\":\"https:\\\/\\\/www.alexandra-marisa-wilcke.de\\\/wilcke\\\/#\\\/schema\\\/person\\\/28e0d3d3251d3f20c485c462a86857b1\",\"name\":\"a w\",\"image\":{\"@type\":\"ImageObject\",\"inLanguage\":\"de\",\"@id\":\"https:\\\/\\\/secure.gravatar.com\\\/avatar\\\/957677febdea8765127355bc1a4d1591d2c31448dc404665e1aed5088469ac61?s=96&d=mm&r=g\",\"url\":\"https:\\\/\\\/secure.gravatar.com\\\/avatar\\\/957677febdea8765127355bc1a4d1591d2c31448dc404665e1aed5088469ac61?s=96&d=mm&r=g\",\"contentUrl\":\"https:\\\/\\\/secure.gravatar.com\\\/avatar\\\/957677febdea8765127355bc1a4d1591d2c31448dc404665e1aed5088469ac61?s=96&d=mm&r=g\",\"caption\":\"a w\"}}]}<\/script>\n<!-- \/ Yoast SEO plugin. -->","yoast_head_json":{"title":"Konzert mit David Schirmer in der Grunewaldkirche - Alexandra Marisa Wilcke - Official Website -","robots":{"index":"index","follow":"follow","max-snippet":"max-snippet:-1","max-image-preview":"max-image-preview:large","max-video-preview":"max-video-preview:-1"},"canonical":"https:\/\/www.alexandra-marisa-wilcke.de\/wilcke\/konzert-mit-david-schirmer-in-der-grunewaldkirche\/","og_locale":"de_DE","og_type":"article","og_title":"Konzert mit David Schirmer in der Grunewaldkirche - Alexandra Marisa Wilcke - Official Website -","og_description":"In der Reihe &#8222;OrgelKl\u00e4nge&#8220; gibt es am \u00a01.11.2019 um 19.30h das Konzert &#8222;Du f\u00fchrst mich hinaus in die Weite&#8220;. David Schirmer ist ein junger, unglaublich virtuoser und beseelter Organist, der diese Reihe leitet und mich f\u00fcr das Konzert als S\u00e4ngerin einlud.Werke von Durufl\u00e9, Hildegard von Bingen und Arvo P\u00e4rt stehen auf dem Programm&#8230; Eintritt frei, [&hellip;]","og_url":"https:\/\/www.alexandra-marisa-wilcke.de\/wilcke\/konzert-mit-david-schirmer-in-der-grunewaldkirche\/","og_site_name":"Alexandra Marisa Wilcke - Official Website -","article_published_time":"2019-10-26T12:12:25+00:00","og_image":[{"width":300,"height":214,"url":"http:\/\/www.alexandra-marisa-wilcke.de\/wilcke\/wp-content\/uploads\/alexandra_wilcke_news36.jpg","type":"image\/jpeg"}],"author":"a w","schema":{"@context":"https:\/\/schema.org","@graph":[{"@type":"Article","@id":"https:\/\/www.alexandra-marisa-wilcke.de\/wilcke\/konzert-mit-david-schirmer-in-der-grunewaldkirche\/#article","isPartOf":{"@id":"https:\/\/www.alexandra-marisa-wilcke.de\/wilcke\/konzert-mit-david-schirmer-in-der-grunewaldkirche\/"},"author":{"name":"a w","@id":"https:\/\/www.alexandra-marisa-wilcke.de\/wilcke\/#\/schema\/person\/28e0d3d3251d3f20c485c462a86857b1"},"headline":"Konzert mit David Schirmer in der Grunewaldkirche","datePublished":"2019-10-26T12:12:25+00:00","mainEntityOfPage":{"@id":"https:\/\/www.alexandra-marisa-wilcke.de\/wilcke\/konzert-mit-david-schirmer-in-der-grunewaldkirche\/"},"wordCount":76,"image":{"@id":"https:\/\/www.alexandra-marisa-wilcke.de\/wilcke\/konzert-mit-david-schirmer-in-der-grunewaldkirche\/#primaryimage"},"thumbnailUrl":"https:\/\/www.alexandra-marisa-wilcke.de\/wilcke\/wp-content\/uploads\/alexandra_wilcke_news36.jpg","inLanguage":"de"},{"@type":"WebPage","@id":"https:\/\/www.alexandra-marisa-wilcke.de\/wilcke\/konzert-mit-david-schirmer-in-der-grunewaldkirche\/","url":"https:\/\/www.alexandra-marisa-wilcke.de\/wilcke\/konzert-mit-david-schirmer-in-der-grunewaldkirche\/","name":"Konzert mit David Schirmer in der Grunewaldkirche - Alexandra Marisa Wilcke - Official Website -","isPartOf":{"@id":"https:\/\/www.alexandra-marisa-wilcke.de\/wilcke\/#website"},"primaryImageOfPage":{"@id":"https:\/\/www.alexandra-marisa-wilcke.de\/wilcke\/konzert-mit-david-schirmer-in-der-grunewaldkirche\/#primaryimage"},"image":{"@id":"https:\/\/www.alexandra-marisa-wilcke.de\/wilcke\/konzert-mit-david-schirmer-in-der-grunewaldkirche\/#primaryimage"},"thumbnailUrl":"https:\/\/www.alexandra-marisa-wilcke.de\/wilcke\/wp-content\/uploads\/alexandra_wilcke_news36.jpg","datePublished":"2019-10-26T12:12:25+00:00","author":{"@id":"https:\/\/www.alexandra-marisa-wilcke.de\/wilcke\/#\/schema\/person\/28e0d3d3251d3f20c485c462a86857b1"},"breadcrumb":{"@id":"https:\/\/www.alexandra-marisa-wilcke.de\/wilcke\/konzert-mit-david-schirmer-in-der-grunewaldkirche\/#breadcrumb"},"inLanguage":"de","potentialAction":[{"@type":"ReadAction","target":["https:\/\/www.alexandra-marisa-wilcke.de\/wilcke\/konzert-mit-david-schirmer-in-der-grunewaldkirche\/"]}]},{"@type":"ImageObject","inLanguage":"de","@id":"https:\/\/www.alexandra-marisa-wilcke.de\/wilcke\/konzert-mit-david-schirmer-in-der-grunewaldkirche\/#primaryimage","url":"https:\/\/www.alexandra-marisa-wilcke.de\/wilcke\/wp-content\/uploads\/alexandra_wilcke_news36.jpg","contentUrl":"https:\/\/www.alexandra-marisa-wilcke.de\/wilcke\/wp-content\/uploads\/alexandra_wilcke_news36.jpg","width":300,"height":214},{"@type":"BreadcrumbList","@id":"https:\/\/www.alexandra-marisa-wilcke.de\/wilcke\/konzert-mit-david-schirmer-in-der-grunewaldkirche\/#breadcrumb","itemListElement":[{"@type":"ListItem","position":1,"name":"Startseite","item":"https:\/\/www.alexandra-marisa-wilcke.de\/wilcke\/"},{"@type":"ListItem","position":2,"name":"Konzert mit David Schirmer in der Grunewaldkirche"}]},{"@type":"WebSite","@id":"https:\/\/www.alexandra-marisa-wilcke.de\/wilcke\/#website","url":"https:\/\/www.alexandra-marisa-wilcke.de\/wilcke\/","name":"ALEXANDRA MARISA WILCKE - Official Website -","description":"ALEXANDRA MARISA WILCKE - Official Website -","alternateName":"ALEXANDRA MARISA WILCKE - Official Website -","potentialAction":[{"@type":"SearchAction","target":{"@type":"EntryPoint","urlTemplate":"https:\/\/www.alexandra-marisa-wilcke.de\/wilcke\/?s={search_term_string}"},"query-input":{"@type":"PropertyValueSpecification","valueRequired":true,"valueName":"search_term_string"}}],"inLanguage":"de"},{"@type":"Person","@id":"https:\/\/www.alexandra-marisa-wilcke.de\/wilcke\/#\/schema\/person\/28e0d3d3251d3f20c485c462a86857b1","name":"a w","image":{"@type":"ImageObject","inLanguage":"de","@id":"https:\/\/secure.gravatar.com\/avatar\/957677febdea8765127355bc1a4d1591d2c31448dc404665e1aed5088469ac61?s=96&d=mm&r=g","url":"https:\/\/secure.gravatar.com\/avatar\/957677febdea8765127355bc1a4d1591d2c31448dc404665e1aed5088469ac61?s=96&d=mm&r=g","contentUrl":"https:\/\/secure.gravatar.com\/avatar\/957677febdea8765127355bc1a4d1591d2c31448dc404665e1aed5088469ac61?s=96&d=mm&r=g","caption":"a w"}}]}},"_links":{"self":[{"href":"https:\/\/www.alexandra-marisa-wilcke.de\/wilcke\/wp-json\/wp\/v2\/posts\/3743","targetHints":{"allow":["GET"]}}],"collection":[{"href":"https:\/\/www.alexandra-marisa-wilcke.de\/wilcke\/wp-json\/wp\/v2\/posts"}],"about":[{"href":"https:\/\/www.alexandra-marisa-wilcke.de\/wilcke\/wp-json\/wp\/v2\/types\/post"}],"author":[{"embeddable":true,"href":"https:\/\/www.alexandra-marisa-wilcke.de\/wilcke\/wp-json\/wp\/v2\/users\/3"}],"replies":[{"embeddable":true,"href":"https:\/\/www.alexandra-marisa-wilcke.de\/wilcke\/wp-json\/wp\/v2\/comments?post=3743"}],"version-history":[{"count":6,"href":"https:\/\/www.alexandra-marisa-wilcke.de\/wilcke\/wp-json\/wp\/v2\/posts\/3743\/revisions"}],"predecessor-version":[{"id":3750,"href":"https:\/\/www.alexandra-marisa-wilcke.de\/wilcke\/wp-json\/wp\/v2\/posts\/3743\/revisions\/3750"}],"wp:featuredmedia":[{"embeddable":true,"href":"https:\/\/www.alexandra-marisa-wilcke.de\/wilcke\/wp-json\/wp\/v2\/media\/3747"}],"wp:attachment":[{"href":"https:\/\/www.alexandra-marisa-wilcke.de\/wilcke\/wp-json\/wp\/v2\/media?parent=3743"}],"wp:term":[{"taxonomy":"category","embeddable":true,"href":"https:\/\/www.alexandra-marisa-wilcke.de\/wilcke\/wp-json\/wp\/v2\/categories?post=3743"},{"taxonomy":"post_tag","embeddable":true,"href":"https:\/\/www.alexandra-marisa-wilcke.de\/wilcke\/wp-json\/wp\/v2\/tags?post=3743"}],"curies":[{"name":"wp","href":"https:\/\/api.w.org\/{rel}","templated":true}]}}