{"id":3358,"date":"2019-03-02T16:21:47","date_gmt":"2019-03-02T15:21:47","guid":{"rendered":"http:\/\/www.alexandra-marisa-wilcke.de\/wilcke\/?p=3358"},"modified":"2019-03-31T17:11:09","modified_gmt":"2019-03-31T15:11:09","slug":"monsieur-claude-und-seine-toechter","status":"publish","type":"post","link":"https:\/\/www.alexandra-marisa-wilcke.de\/wilcke\/monsieur-claude-und-seine-toechter\/","title":{"rendered":"Monsieur Claude und seine T\u00f6chter"},"content":{"rendered":"<p>Am 4.4.2019 kommt der zweite Teil von Monsieur Claude und seine T\u00f6chter in die Kinos!<br \/>\nSchon im ersten Teil durfte ich S\u00e9gol\u00e8ne Verneuil meine Stimme leihen. Auch dieses Mal ist die Kom\u00f6die ein pr\u00e4chtiges Feuerwerk mit dem Spiel um Vorurteile und famili\u00e4ren Beziehungen. Die Franzosen haben Kom\u00f6dien einfach drauf! Viel Spass im Kino!<\/p>\n","protected":false},"excerpt":{"rendered":"<p>Am 4.4.2019 kommt der zweite Teil von Monsieur Claude und seine T\u00f6chter in die Kinos! Schon im ersten Teil durfte ich S\u00e9gol\u00e8ne Verneuil meine Stimme leihen. Auch dieses Mal ist die Kom\u00f6die ein pr\u00e4chtiges Feuerwerk mit dem Spiel um Vorurteile und famili\u00e4ren Beziehungen. Die Franzosen haben Kom\u00f6dien einfach drauf! Viel Spass im Kino!<\/p>\n","protected":false},"author":1,"featured_media":3377,"comment_status":"closed","ping_status":"closed","sticky":false,"template":"","format":"standard","meta":{"footnotes":""},"categories":[1],"tags":[],"class_list":["post-3358","post","type-post","status-publish","format-standard","has-post-thumbnail","hentry","category-allgemein"],"yoast_head":"<!-- This site is optimized with the Yoast SEO plugin v27.5 - https:\/\/yoast.com\/product\/yoast-seo-wordpress\/ -->\n<title>Monsieur Claude und seine T\u00f6chter - Alexandra Marisa Wilcke - Official Website -<\/title>\n<meta name=\"robots\" content=\"index, follow, max-snippet:-1, max-image-preview:large, max-video-preview:-1\" \/>\n<link rel=\"canonical\" href=\"https:\/\/www.alexandra-marisa-wilcke.de\/wilcke\/monsieur-claude-und-seine-toechter\/\" \/>\n<meta property=\"og:locale\" content=\"de_DE\" \/>\n<meta property=\"og:type\" content=\"article\" \/>\n<meta property=\"og:title\" content=\"Monsieur Claude und seine T\u00f6chter - Alexandra Marisa Wilcke - Official Website -\" \/>\n<meta property=\"og:description\" content=\"Am 4.4.2019 kommt der zweite Teil von Monsieur Claude und seine T\u00f6chter in die Kinos! Schon im ersten Teil durfte ich S\u00e9gol\u00e8ne Verneuil meine Stimme leihen. Auch dieses Mal ist die Kom\u00f6die ein pr\u00e4chtiges Feuerwerk mit dem Spiel um Vorurteile und famili\u00e4ren Beziehungen. Die Franzosen haben Kom\u00f6dien einfach drauf! Viel Spass im Kino!\" \/>\n<meta property=\"og:url\" content=\"https:\/\/www.alexandra-marisa-wilcke.de\/wilcke\/monsieur-claude-und-seine-toechter\/\" \/>\n<meta property=\"og:site_name\" content=\"Alexandra Marisa Wilcke - Official Website -\" \/>\n<meta property=\"article:published_time\" content=\"2019-03-02T15:21:47+00:00\" \/>\n<meta property=\"article:modified_time\" content=\"2019-03-31T15:11:09+00:00\" \/>\n<meta property=\"og:image\" content=\"https:\/\/www.alexandra-marisa-wilcke.de\/wilcke\/wp-content\/uploads\/alexandra_wilcke_news_12.jpg\" \/>\n\t<meta property=\"og:image:width\" content=\"400\" \/>\n\t<meta property=\"og:image:height\" content=\"267\" \/>\n\t<meta property=\"og:image:type\" content=\"image\/jpeg\" \/>\n<meta name=\"author\" content=\"admini\" \/>\n<script type=\"application\/ld+json\" class=\"yoast-schema-graph\">{\"@context\":\"https:\\\/\\\/schema.org\",\"@graph\":[{\"@type\":\"Article\",\"@id\":\"https:\\\/\\\/www.alexandra-marisa-wilcke.de\\\/wilcke\\\/monsieur-claude-und-seine-toechter\\\/#article\",\"isPartOf\":{\"@id\":\"https:\\\/\\\/www.alexandra-marisa-wilcke.de\\\/wilcke\\\/monsieur-claude-und-seine-toechter\\\/\"},\"author\":{\"name\":\"admini\",\"@id\":\"https:\\\/\\\/www.alexandra-marisa-wilcke.de\\\/wilcke\\\/#\\\/schema\\\/person\\\/dc8d109c4dae00a3163700921b33a98b\"},\"headline\":\"Monsieur Claude und seine T\u00f6chter\",\"datePublished\":\"2019-03-02T15:21:47+00:00\",\"dateModified\":\"2019-03-31T15:11:09+00:00\",\"mainEntityOfPage\":{\"@id\":\"https:\\\/\\\/www.alexandra-marisa-wilcke.de\\\/wilcke\\\/monsieur-claude-und-seine-toechter\\\/\"},\"wordCount\":65,\"image\":{\"@id\":\"https:\\\/\\\/www.alexandra-marisa-wilcke.de\\\/wilcke\\\/monsieur-claude-und-seine-toechter\\\/#primaryimage\"},\"thumbnailUrl\":\"https:\\\/\\\/www.alexandra-marisa-wilcke.de\\\/wilcke\\\/wp-content\\\/uploads\\\/alexandra_wilcke_news_12.jpg\",\"inLanguage\":\"de\"},{\"@type\":\"WebPage\",\"@id\":\"https:\\\/\\\/www.alexandra-marisa-wilcke.de\\\/wilcke\\\/monsieur-claude-und-seine-toechter\\\/\",\"url\":\"https:\\\/\\\/www.alexandra-marisa-wilcke.de\\\/wilcke\\\/monsieur-claude-und-seine-toechter\\\/\",\"name\":\"Monsieur Claude und seine T\u00f6chter - Alexandra Marisa Wilcke - Official Website -\",\"isPartOf\":{\"@id\":\"https:\\\/\\\/www.alexandra-marisa-wilcke.de\\\/wilcke\\\/#website\"},\"primaryImageOfPage\":{\"@id\":\"https:\\\/\\\/www.alexandra-marisa-wilcke.de\\\/wilcke\\\/monsieur-claude-und-seine-toechter\\\/#primaryimage\"},\"image\":{\"@id\":\"https:\\\/\\\/www.alexandra-marisa-wilcke.de\\\/wilcke\\\/monsieur-claude-und-seine-toechter\\\/#primaryimage\"},\"thumbnailUrl\":\"https:\\\/\\\/www.alexandra-marisa-wilcke.de\\\/wilcke\\\/wp-content\\\/uploads\\\/alexandra_wilcke_news_12.jpg\",\"datePublished\":\"2019-03-02T15:21:47+00:00\",\"dateModified\":\"2019-03-31T15:11:09+00:00\",\"author\":{\"@id\":\"https:\\\/\\\/www.alexandra-marisa-wilcke.de\\\/wilcke\\\/#\\\/schema\\\/person\\\/dc8d109c4dae00a3163700921b33a98b\"},\"breadcrumb\":{\"@id\":\"https:\\\/\\\/www.alexandra-marisa-wilcke.de\\\/wilcke\\\/monsieur-claude-und-seine-toechter\\\/#breadcrumb\"},\"inLanguage\":\"de\",\"potentialAction\":[{\"@type\":\"ReadAction\",\"target\":[\"https:\\\/\\\/www.alexandra-marisa-wilcke.de\\\/wilcke\\\/monsieur-claude-und-seine-toechter\\\/\"]}]},{\"@type\":\"ImageObject\",\"inLanguage\":\"de\",\"@id\":\"https:\\\/\\\/www.alexandra-marisa-wilcke.de\\\/wilcke\\\/monsieur-claude-und-seine-toechter\\\/#primaryimage\",\"url\":\"https:\\\/\\\/www.alexandra-marisa-wilcke.de\\\/wilcke\\\/wp-content\\\/uploads\\\/alexandra_wilcke_news_12.jpg\",\"contentUrl\":\"https:\\\/\\\/www.alexandra-marisa-wilcke.de\\\/wilcke\\\/wp-content\\\/uploads\\\/alexandra_wilcke_news_12.jpg\",\"width\":400,\"height\":267},{\"@type\":\"BreadcrumbList\",\"@id\":\"https:\\\/\\\/www.alexandra-marisa-wilcke.de\\\/wilcke\\\/monsieur-claude-und-seine-toechter\\\/#breadcrumb\",\"itemListElement\":[{\"@type\":\"ListItem\",\"position\":1,\"name\":\"Startseite\",\"item\":\"https:\\\/\\\/www.alexandra-marisa-wilcke.de\\\/wilcke\\\/\"},{\"@type\":\"ListItem\",\"position\":2,\"name\":\"Monsieur Claude und seine T\u00f6chter\"}]},{\"@type\":\"WebSite\",\"@id\":\"https:\\\/\\\/www.alexandra-marisa-wilcke.de\\\/wilcke\\\/#website\",\"url\":\"https:\\\/\\\/www.alexandra-marisa-wilcke.de\\\/wilcke\\\/\",\"name\":\"ALEXANDRA MARISA WILCKE - Official Website -\",\"description\":\"ALEXANDRA MARISA WILCKE - Official Website -\",\"alternateName\":\"ALEXANDRA MARISA WILCKE - Official Website -\",\"potentialAction\":[{\"@type\":\"SearchAction\",\"target\":{\"@type\":\"EntryPoint\",\"urlTemplate\":\"https:\\\/\\\/www.alexandra-marisa-wilcke.de\\\/wilcke\\\/?s={search_term_string}\"},\"query-input\":{\"@type\":\"PropertyValueSpecification\",\"valueRequired\":true,\"valueName\":\"search_term_string\"}}],\"inLanguage\":\"de\"},{\"@type\":\"Person\",\"@id\":\"https:\\\/\\\/www.alexandra-marisa-wilcke.de\\\/wilcke\\\/#\\\/schema\\\/person\\\/dc8d109c4dae00a3163700921b33a98b\",\"name\":\"admini\",\"image\":{\"@type\":\"ImageObject\",\"inLanguage\":\"de\",\"@id\":\"https:\\\/\\\/secure.gravatar.com\\\/avatar\\\/31122cfc91c6dd4f5a62c521ec422d286c12422e59e0343b5a378a395c11fd00?s=96&d=mm&r=g\",\"url\":\"https:\\\/\\\/secure.gravatar.com\\\/avatar\\\/31122cfc91c6dd4f5a62c521ec422d286c12422e59e0343b5a378a395c11fd00?s=96&d=mm&r=g\",\"contentUrl\":\"https:\\\/\\\/secure.gravatar.com\\\/avatar\\\/31122cfc91c6dd4f5a62c521ec422d286c12422e59e0343b5a378a395c11fd00?s=96&d=mm&r=g\",\"caption\":\"admini\"}}]}<\/script>\n<!-- \/ Yoast SEO plugin. -->","yoast_head_json":{"title":"Monsieur Claude und seine T\u00f6chter - Alexandra Marisa Wilcke - Official Website -","robots":{"index":"index","follow":"follow","max-snippet":"max-snippet:-1","max-image-preview":"max-image-preview:large","max-video-preview":"max-video-preview:-1"},"canonical":"https:\/\/www.alexandra-marisa-wilcke.de\/wilcke\/monsieur-claude-und-seine-toechter\/","og_locale":"de_DE","og_type":"article","og_title":"Monsieur Claude und seine T\u00f6chter - Alexandra Marisa Wilcke - Official Website -","og_description":"Am 4.4.2019 kommt der zweite Teil von Monsieur Claude und seine T\u00f6chter in die Kinos! Schon im ersten Teil durfte ich S\u00e9gol\u00e8ne Verneuil meine Stimme leihen. Auch dieses Mal ist die Kom\u00f6die ein pr\u00e4chtiges Feuerwerk mit dem Spiel um Vorurteile und famili\u00e4ren Beziehungen. Die Franzosen haben Kom\u00f6dien einfach drauf! Viel Spass im Kino!","og_url":"https:\/\/www.alexandra-marisa-wilcke.de\/wilcke\/monsieur-claude-und-seine-toechter\/","og_site_name":"Alexandra Marisa Wilcke - Official Website -","article_published_time":"2019-03-02T15:21:47+00:00","article_modified_time":"2019-03-31T15:11:09+00:00","og_image":[{"width":400,"height":267,"url":"https:\/\/www.alexandra-marisa-wilcke.de\/wilcke\/wp-content\/uploads\/alexandra_wilcke_news_12.jpg","type":"image\/jpeg"}],"author":"admini","schema":{"@context":"https:\/\/schema.org","@graph":[{"@type":"Article","@id":"https:\/\/www.alexandra-marisa-wilcke.de\/wilcke\/monsieur-claude-und-seine-toechter\/#article","isPartOf":{"@id":"https:\/\/www.alexandra-marisa-wilcke.de\/wilcke\/monsieur-claude-und-seine-toechter\/"},"author":{"name":"admini","@id":"https:\/\/www.alexandra-marisa-wilcke.de\/wilcke\/#\/schema\/person\/dc8d109c4dae00a3163700921b33a98b"},"headline":"Monsieur Claude und seine T\u00f6chter","datePublished":"2019-03-02T15:21:47+00:00","dateModified":"2019-03-31T15:11:09+00:00","mainEntityOfPage":{"@id":"https:\/\/www.alexandra-marisa-wilcke.de\/wilcke\/monsieur-claude-und-seine-toechter\/"},"wordCount":65,"image":{"@id":"https:\/\/www.alexandra-marisa-wilcke.de\/wilcke\/monsieur-claude-und-seine-toechter\/#primaryimage"},"thumbnailUrl":"https:\/\/www.alexandra-marisa-wilcke.de\/wilcke\/wp-content\/uploads\/alexandra_wilcke_news_12.jpg","inLanguage":"de"},{"@type":"WebPage","@id":"https:\/\/www.alexandra-marisa-wilcke.de\/wilcke\/monsieur-claude-und-seine-toechter\/","url":"https:\/\/www.alexandra-marisa-wilcke.de\/wilcke\/monsieur-claude-und-seine-toechter\/","name":"Monsieur Claude und seine T\u00f6chter - Alexandra Marisa Wilcke - Official Website -","isPartOf":{"@id":"https:\/\/www.alexandra-marisa-wilcke.de\/wilcke\/#website"},"primaryImageOfPage":{"@id":"https:\/\/www.alexandra-marisa-wilcke.de\/wilcke\/monsieur-claude-und-seine-toechter\/#primaryimage"},"image":{"@id":"https:\/\/www.alexandra-marisa-wilcke.de\/wilcke\/monsieur-claude-und-seine-toechter\/#primaryimage"},"thumbnailUrl":"https:\/\/www.alexandra-marisa-wilcke.de\/wilcke\/wp-content\/uploads\/alexandra_wilcke_news_12.jpg","datePublished":"2019-03-02T15:21:47+00:00","dateModified":"2019-03-31T15:11:09+00:00","author":{"@id":"https:\/\/www.alexandra-marisa-wilcke.de\/wilcke\/#\/schema\/person\/dc8d109c4dae00a3163700921b33a98b"},"breadcrumb":{"@id":"https:\/\/www.alexandra-marisa-wilcke.de\/wilcke\/monsieur-claude-und-seine-toechter\/#breadcrumb"},"inLanguage":"de","potentialAction":[{"@type":"ReadAction","target":["https:\/\/www.alexandra-marisa-wilcke.de\/wilcke\/monsieur-claude-und-seine-toechter\/"]}]},{"@type":"ImageObject","inLanguage":"de","@id":"https:\/\/www.alexandra-marisa-wilcke.de\/wilcke\/monsieur-claude-und-seine-toechter\/#primaryimage","url":"https:\/\/www.alexandra-marisa-wilcke.de\/wilcke\/wp-content\/uploads\/alexandra_wilcke_news_12.jpg","contentUrl":"https:\/\/www.alexandra-marisa-wilcke.de\/wilcke\/wp-content\/uploads\/alexandra_wilcke_news_12.jpg","width":400,"height":267},{"@type":"BreadcrumbList","@id":"https:\/\/www.alexandra-marisa-wilcke.de\/wilcke\/monsieur-claude-und-seine-toechter\/#breadcrumb","itemListElement":[{"@type":"ListItem","position":1,"name":"Startseite","item":"https:\/\/www.alexandra-marisa-wilcke.de\/wilcke\/"},{"@type":"ListItem","position":2,"name":"Monsieur Claude und seine T\u00f6chter"}]},{"@type":"WebSite","@id":"https:\/\/www.alexandra-marisa-wilcke.de\/wilcke\/#website","url":"https:\/\/www.alexandra-marisa-wilcke.de\/wilcke\/","name":"ALEXANDRA MARISA WILCKE - Official Website -","description":"ALEXANDRA MARISA WILCKE - Official Website -","alternateName":"ALEXANDRA MARISA WILCKE - Official Website -","potentialAction":[{"@type":"SearchAction","target":{"@type":"EntryPoint","urlTemplate":"https:\/\/www.alexandra-marisa-wilcke.de\/wilcke\/?s={search_term_string}"},"query-input":{"@type":"PropertyValueSpecification","valueRequired":true,"valueName":"search_term_string"}}],"inLanguage":"de"},{"@type":"Person","@id":"https:\/\/www.alexandra-marisa-wilcke.de\/wilcke\/#\/schema\/person\/dc8d109c4dae00a3163700921b33a98b","name":"admini","image":{"@type":"ImageObject","inLanguage":"de","@id":"https:\/\/secure.gravatar.com\/avatar\/31122cfc91c6dd4f5a62c521ec422d286c12422e59e0343b5a378a395c11fd00?s=96&d=mm&r=g","url":"https:\/\/secure.gravatar.com\/avatar\/31122cfc91c6dd4f5a62c521ec422d286c12422e59e0343b5a378a395c11fd00?s=96&d=mm&r=g","contentUrl":"https:\/\/secure.gravatar.com\/avatar\/31122cfc91c6dd4f5a62c521ec422d286c12422e59e0343b5a378a395c11fd00?s=96&d=mm&r=g","caption":"admini"}}]}},"_links":{"self":[{"href":"https:\/\/www.alexandra-marisa-wilcke.de\/wilcke\/wp-json\/wp\/v2\/posts\/3358","targetHints":{"allow":["GET"]}}],"collection":[{"href":"https:\/\/www.alexandra-marisa-wilcke.de\/wilcke\/wp-json\/wp\/v2\/posts"}],"about":[{"href":"https:\/\/www.alexandra-marisa-wilcke.de\/wilcke\/wp-json\/wp\/v2\/types\/post"}],"author":[{"embeddable":true,"href":"https:\/\/www.alexandra-marisa-wilcke.de\/wilcke\/wp-json\/wp\/v2\/users\/1"}],"replies":[{"embeddable":true,"href":"https:\/\/www.alexandra-marisa-wilcke.de\/wilcke\/wp-json\/wp\/v2\/comments?post=3358"}],"version-history":[{"count":2,"href":"https:\/\/www.alexandra-marisa-wilcke.de\/wilcke\/wp-json\/wp\/v2\/posts\/3358\/revisions"}],"predecessor-version":[{"id":3385,"href":"https:\/\/www.alexandra-marisa-wilcke.de\/wilcke\/wp-json\/wp\/v2\/posts\/3358\/revisions\/3385"}],"wp:featuredmedia":[{"embeddable":true,"href":"https:\/\/www.alexandra-marisa-wilcke.de\/wilcke\/wp-json\/wp\/v2\/media\/3377"}],"wp:attachment":[{"href":"https:\/\/www.alexandra-marisa-wilcke.de\/wilcke\/wp-json\/wp\/v2\/media?parent=3358"}],"wp:term":[{"taxonomy":"category","embeddable":true,"href":"https:\/\/www.alexandra-marisa-wilcke.de\/wilcke\/wp-json\/wp\/v2\/categories?post=3358"},{"taxonomy":"post_tag","embeddable":true,"href":"https:\/\/www.alexandra-marisa-wilcke.de\/wilcke\/wp-json\/wp\/v2\/tags?post=3358"}],"curies":[{"name":"wp","href":"https:\/\/api.w.org\/{rel}","templated":true}]}}