{"id":3727,"date":"2019-07-20T14:06:34","date_gmt":"2019-07-20T12:06:34","guid":{"rendered":"http:\/\/www.alexandra-marisa-wilcke.de\/wilcke\/?p=3727"},"modified":"2019-07-20T14:10:18","modified_gmt":"2019-07-20T12:10:18","slug":"der-koenig-der-loewen-1994-und-2019","status":"publish","type":"post","link":"http:\/\/www.alexandra-marisa-wilcke.de\/wilcke\/der-koenig-der-loewen-1994-und-2019\/","title":{"rendered":"Der K\u00f6nig der L\u00f6wen 1994 und 2019"},"content":{"rendered":"<p>25 Jahre ist die Deutschlandpremiere in Berlin her. &#8222;Der K\u00f6nig der L\u00f6wen&#8220; avancierte zum erfolgreichsten und beliebtesten Zeichentrickfilm der Disney Studios. Ein Meilenstein in der Geschichte des Zeichentrickfilms, ein Film, der trotz manch d\u00fcsterer Szene, sich in die Herzen der Zuschauer brannte! Die Songs, die Ohrw\u00fcrmer wurden! &#8222;Hakuna Matata&#8220; und nat\u00fcrlich &#8222;Kann es wirklich Liebe sein&#8220;! Und ich durfte in der deutschen Version damals der erwachsenen L\u00f6win Nala meine Stimme leihen: f\u00fcr den Gesang und die Sprache. Nun schafft Disney wieder ein Meisterwerk, diesmal wegweisend durch die neue CGI Technik &#8211; und ich bin wieder dabei und freue mich riesig dar\u00fcber: als L\u00f6wenk\u00f6nigin Sarabi, Simbas Mutter! Ich w\u00fcnsche viel Spass im Kino !!<\/p>\n","protected":false},"excerpt":{"rendered":"<p>25 Jahre ist die Deutschlandpremiere in Berlin her. &#8222;Der K\u00f6nig der L\u00f6wen&#8220; avancierte zum erfolgreichsten und beliebtesten Zeichentrickfilm der Disney Studios. Ein Meilenstein in der Geschichte des Zeichentrickfilms, ein Film, der trotz manch d\u00fcsterer Szene, sich in die Herzen der Zuschauer brannte! Die Songs, die Ohrw\u00fcrmer wurden! &#8222;Hakuna Matata&#8220; und nat\u00fcrlich &#8222;Kann es wirklich Liebe [&hellip;]<\/p>\n","protected":false},"author":3,"featured_media":3731,"comment_status":"closed","ping_status":"closed","sticky":false,"template":"","format":"standard","meta":{"footnotes":""},"categories":[1],"tags":[],"class_list":["post-3727","post","type-post","status-publish","format-standard","has-post-thumbnail","hentry","category-allgemein"],"yoast_head":"<!-- This site is optimized with the Yoast SEO plugin v27.5 - https:\/\/yoast.com\/product\/yoast-seo-wordpress\/ -->\n<title>Der K\u00f6nig der L\u00f6wen 1994 und 2019 - Alexandra Marisa Wilcke - Official Website -<\/title>\n<meta name=\"robots\" content=\"index, follow, max-snippet:-1, max-image-preview:large, max-video-preview:-1\" \/>\n<link rel=\"canonical\" href=\"http:\/\/www.alexandra-marisa-wilcke.de\/wilcke\/der-koenig-der-loewen-1994-und-2019\/\" \/>\n<meta property=\"og:locale\" content=\"de_DE\" \/>\n<meta property=\"og:type\" content=\"article\" \/>\n<meta property=\"og:title\" content=\"Der K\u00f6nig der L\u00f6wen 1994 und 2019 - Alexandra Marisa Wilcke - Official Website -\" \/>\n<meta property=\"og:description\" content=\"25 Jahre ist die Deutschlandpremiere in Berlin her. &#8222;Der K\u00f6nig der L\u00f6wen&#8220; avancierte zum erfolgreichsten und beliebtesten Zeichentrickfilm der Disney Studios. Ein Meilenstein in der Geschichte des Zeichentrickfilms, ein Film, der trotz manch d\u00fcsterer Szene, sich in die Herzen der Zuschauer brannte! Die Songs, die Ohrw\u00fcrmer wurden! &#8222;Hakuna Matata&#8220; und nat\u00fcrlich &#8222;Kann es wirklich Liebe [&hellip;]\" \/>\n<meta property=\"og:url\" content=\"http:\/\/www.alexandra-marisa-wilcke.de\/wilcke\/der-koenig-der-loewen-1994-und-2019\/\" \/>\n<meta property=\"og:site_name\" content=\"Alexandra Marisa Wilcke - Official Website -\" \/>\n<meta property=\"article:published_time\" content=\"2019-07-20T12:06:34+00:00\" \/>\n<meta property=\"article:modified_time\" content=\"2019-07-20T12:10:18+00:00\" \/>\n<meta property=\"og:image\" content=\"https:\/\/www.alexandra-marisa-wilcke.de\/wilcke\/wp-content\/uploads\/alexandra_wilcke_news_34-1.jpg\" \/>\n\t<meta property=\"og:image:width\" content=\"508\" \/>\n\t<meta property=\"og:image:height\" content=\"562\" \/>\n\t<meta property=\"og:image:type\" content=\"image\/jpeg\" \/>\n<meta name=\"author\" content=\"a w\" \/>\n<script type=\"application\/ld+json\" class=\"yoast-schema-graph\">{\"@context\":\"https:\\\/\\\/schema.org\",\"@graph\":[{\"@type\":\"Article\",\"@id\":\"http:\\\/\\\/www.alexandra-marisa-wilcke.de\\\/wilcke\\\/der-koenig-der-loewen-1994-und-2019\\\/#article\",\"isPartOf\":{\"@id\":\"http:\\\/\\\/www.alexandra-marisa-wilcke.de\\\/wilcke\\\/der-koenig-der-loewen-1994-und-2019\\\/\"},\"author\":{\"name\":\"a w\",\"@id\":\"http:\\\/\\\/www.alexandra-marisa-wilcke.de\\\/wilcke\\\/#\\\/schema\\\/person\\\/28e0d3d3251d3f20c485c462a86857b1\"},\"headline\":\"Der K\u00f6nig der L\u00f6wen 1994 und 2019\",\"datePublished\":\"2019-07-20T12:06:34+00:00\",\"dateModified\":\"2019-07-20T12:10:18+00:00\",\"mainEntityOfPage\":{\"@id\":\"http:\\\/\\\/www.alexandra-marisa-wilcke.de\\\/wilcke\\\/der-koenig-der-loewen-1994-und-2019\\\/\"},\"wordCount\":129,\"image\":{\"@id\":\"http:\\\/\\\/www.alexandra-marisa-wilcke.de\\\/wilcke\\\/der-koenig-der-loewen-1994-und-2019\\\/#primaryimage\"},\"thumbnailUrl\":\"http:\\\/\\\/www.alexandra-marisa-wilcke.de\\\/wilcke\\\/wp-content\\\/uploads\\\/alexandra_wilcke_news_34-1.jpg\",\"inLanguage\":\"de\"},{\"@type\":\"WebPage\",\"@id\":\"http:\\\/\\\/www.alexandra-marisa-wilcke.de\\\/wilcke\\\/der-koenig-der-loewen-1994-und-2019\\\/\",\"url\":\"http:\\\/\\\/www.alexandra-marisa-wilcke.de\\\/wilcke\\\/der-koenig-der-loewen-1994-und-2019\\\/\",\"name\":\"Der K\u00f6nig der L\u00f6wen 1994 und 2019 - Alexandra Marisa Wilcke - Official Website -\",\"isPartOf\":{\"@id\":\"http:\\\/\\\/www.alexandra-marisa-wilcke.de\\\/wilcke\\\/#website\"},\"primaryImageOfPage\":{\"@id\":\"http:\\\/\\\/www.alexandra-marisa-wilcke.de\\\/wilcke\\\/der-koenig-der-loewen-1994-und-2019\\\/#primaryimage\"},\"image\":{\"@id\":\"http:\\\/\\\/www.alexandra-marisa-wilcke.de\\\/wilcke\\\/der-koenig-der-loewen-1994-und-2019\\\/#primaryimage\"},\"thumbnailUrl\":\"http:\\\/\\\/www.alexandra-marisa-wilcke.de\\\/wilcke\\\/wp-content\\\/uploads\\\/alexandra_wilcke_news_34-1.jpg\",\"datePublished\":\"2019-07-20T12:06:34+00:00\",\"dateModified\":\"2019-07-20T12:10:18+00:00\",\"author\":{\"@id\":\"http:\\\/\\\/www.alexandra-marisa-wilcke.de\\\/wilcke\\\/#\\\/schema\\\/person\\\/28e0d3d3251d3f20c485c462a86857b1\"},\"breadcrumb\":{\"@id\":\"http:\\\/\\\/www.alexandra-marisa-wilcke.de\\\/wilcke\\\/der-koenig-der-loewen-1994-und-2019\\\/#breadcrumb\"},\"inLanguage\":\"de\",\"potentialAction\":[{\"@type\":\"ReadAction\",\"target\":[\"http:\\\/\\\/www.alexandra-marisa-wilcke.de\\\/wilcke\\\/der-koenig-der-loewen-1994-und-2019\\\/\"]}]},{\"@type\":\"ImageObject\",\"inLanguage\":\"de\",\"@id\":\"http:\\\/\\\/www.alexandra-marisa-wilcke.de\\\/wilcke\\\/der-koenig-der-loewen-1994-und-2019\\\/#primaryimage\",\"url\":\"http:\\\/\\\/www.alexandra-marisa-wilcke.de\\\/wilcke\\\/wp-content\\\/uploads\\\/alexandra_wilcke_news_34-1.jpg\",\"contentUrl\":\"http:\\\/\\\/www.alexandra-marisa-wilcke.de\\\/wilcke\\\/wp-content\\\/uploads\\\/alexandra_wilcke_news_34-1.jpg\",\"width\":508,\"height\":562},{\"@type\":\"BreadcrumbList\",\"@id\":\"http:\\\/\\\/www.alexandra-marisa-wilcke.de\\\/wilcke\\\/der-koenig-der-loewen-1994-und-2019\\\/#breadcrumb\",\"itemListElement\":[{\"@type\":\"ListItem\",\"position\":1,\"name\":\"Startseite\",\"item\":\"https:\\\/\\\/www.alexandra-marisa-wilcke.de\\\/wilcke\\\/\"},{\"@type\":\"ListItem\",\"position\":2,\"name\":\"Der K\u00f6nig der L\u00f6wen 1994 und 2019\"}]},{\"@type\":\"WebSite\",\"@id\":\"http:\\\/\\\/www.alexandra-marisa-wilcke.de\\\/wilcke\\\/#website\",\"url\":\"http:\\\/\\\/www.alexandra-marisa-wilcke.de\\\/wilcke\\\/\",\"name\":\"ALEXANDRA MARISA WILCKE - Official Website -\",\"description\":\"ALEXANDRA MARISA WILCKE - Official Website -\",\"alternateName\":\"ALEXANDRA MARISA WILCKE - Official Website -\",\"potentialAction\":[{\"@type\":\"SearchAction\",\"target\":{\"@type\":\"EntryPoint\",\"urlTemplate\":\"http:\\\/\\\/www.alexandra-marisa-wilcke.de\\\/wilcke\\\/?s={search_term_string}\"},\"query-input\":{\"@type\":\"PropertyValueSpecification\",\"valueRequired\":true,\"valueName\":\"search_term_string\"}}],\"inLanguage\":\"de\"},{\"@type\":\"Person\",\"@id\":\"http:\\\/\\\/www.alexandra-marisa-wilcke.de\\\/wilcke\\\/#\\\/schema\\\/person\\\/28e0d3d3251d3f20c485c462a86857b1\",\"name\":\"a w\",\"image\":{\"@type\":\"ImageObject\",\"inLanguage\":\"de\",\"@id\":\"https:\\\/\\\/secure.gravatar.com\\\/avatar\\\/957677febdea8765127355bc1a4d1591d2c31448dc404665e1aed5088469ac61?s=96&d=mm&r=g\",\"url\":\"https:\\\/\\\/secure.gravatar.com\\\/avatar\\\/957677febdea8765127355bc1a4d1591d2c31448dc404665e1aed5088469ac61?s=96&d=mm&r=g\",\"contentUrl\":\"https:\\\/\\\/secure.gravatar.com\\\/avatar\\\/957677febdea8765127355bc1a4d1591d2c31448dc404665e1aed5088469ac61?s=96&d=mm&r=g\",\"caption\":\"a w\"}}]}<\/script>\n<!-- \/ Yoast SEO plugin. -->","yoast_head_json":{"title":"Der K\u00f6nig der L\u00f6wen 1994 und 2019 - Alexandra Marisa Wilcke - Official Website -","robots":{"index":"index","follow":"follow","max-snippet":"max-snippet:-1","max-image-preview":"max-image-preview:large","max-video-preview":"max-video-preview:-1"},"canonical":"http:\/\/www.alexandra-marisa-wilcke.de\/wilcke\/der-koenig-der-loewen-1994-und-2019\/","og_locale":"de_DE","og_type":"article","og_title":"Der K\u00f6nig der L\u00f6wen 1994 und 2019 - Alexandra Marisa Wilcke - Official Website -","og_description":"25 Jahre ist die Deutschlandpremiere in Berlin her. &#8222;Der K\u00f6nig der L\u00f6wen&#8220; avancierte zum erfolgreichsten und beliebtesten Zeichentrickfilm der Disney Studios. Ein Meilenstein in der Geschichte des Zeichentrickfilms, ein Film, der trotz manch d\u00fcsterer Szene, sich in die Herzen der Zuschauer brannte! Die Songs, die Ohrw\u00fcrmer wurden! &#8222;Hakuna Matata&#8220; und nat\u00fcrlich &#8222;Kann es wirklich Liebe [&hellip;]","og_url":"http:\/\/www.alexandra-marisa-wilcke.de\/wilcke\/der-koenig-der-loewen-1994-und-2019\/","og_site_name":"Alexandra Marisa Wilcke - Official Website -","article_published_time":"2019-07-20T12:06:34+00:00","article_modified_time":"2019-07-20T12:10:18+00:00","og_image":[{"width":508,"height":562,"url":"https:\/\/www.alexandra-marisa-wilcke.de\/wilcke\/wp-content\/uploads\/alexandra_wilcke_news_34-1.jpg","type":"image\/jpeg"}],"author":"a w","schema":{"@context":"https:\/\/schema.org","@graph":[{"@type":"Article","@id":"http:\/\/www.alexandra-marisa-wilcke.de\/wilcke\/der-koenig-der-loewen-1994-und-2019\/#article","isPartOf":{"@id":"http:\/\/www.alexandra-marisa-wilcke.de\/wilcke\/der-koenig-der-loewen-1994-und-2019\/"},"author":{"name":"a w","@id":"http:\/\/www.alexandra-marisa-wilcke.de\/wilcke\/#\/schema\/person\/28e0d3d3251d3f20c485c462a86857b1"},"headline":"Der K\u00f6nig der L\u00f6wen 1994 und 2019","datePublished":"2019-07-20T12:06:34+00:00","dateModified":"2019-07-20T12:10:18+00:00","mainEntityOfPage":{"@id":"http:\/\/www.alexandra-marisa-wilcke.de\/wilcke\/der-koenig-der-loewen-1994-und-2019\/"},"wordCount":129,"image":{"@id":"http:\/\/www.alexandra-marisa-wilcke.de\/wilcke\/der-koenig-der-loewen-1994-und-2019\/#primaryimage"},"thumbnailUrl":"http:\/\/www.alexandra-marisa-wilcke.de\/wilcke\/wp-content\/uploads\/alexandra_wilcke_news_34-1.jpg","inLanguage":"de"},{"@type":"WebPage","@id":"http:\/\/www.alexandra-marisa-wilcke.de\/wilcke\/der-koenig-der-loewen-1994-und-2019\/","url":"http:\/\/www.alexandra-marisa-wilcke.de\/wilcke\/der-koenig-der-loewen-1994-und-2019\/","name":"Der K\u00f6nig der L\u00f6wen 1994 und 2019 - Alexandra Marisa Wilcke - Official Website -","isPartOf":{"@id":"http:\/\/www.alexandra-marisa-wilcke.de\/wilcke\/#website"},"primaryImageOfPage":{"@id":"http:\/\/www.alexandra-marisa-wilcke.de\/wilcke\/der-koenig-der-loewen-1994-und-2019\/#primaryimage"},"image":{"@id":"http:\/\/www.alexandra-marisa-wilcke.de\/wilcke\/der-koenig-der-loewen-1994-und-2019\/#primaryimage"},"thumbnailUrl":"http:\/\/www.alexandra-marisa-wilcke.de\/wilcke\/wp-content\/uploads\/alexandra_wilcke_news_34-1.jpg","datePublished":"2019-07-20T12:06:34+00:00","dateModified":"2019-07-20T12:10:18+00:00","author":{"@id":"http:\/\/www.alexandra-marisa-wilcke.de\/wilcke\/#\/schema\/person\/28e0d3d3251d3f20c485c462a86857b1"},"breadcrumb":{"@id":"http:\/\/www.alexandra-marisa-wilcke.de\/wilcke\/der-koenig-der-loewen-1994-und-2019\/#breadcrumb"},"inLanguage":"de","potentialAction":[{"@type":"ReadAction","target":["http:\/\/www.alexandra-marisa-wilcke.de\/wilcke\/der-koenig-der-loewen-1994-und-2019\/"]}]},{"@type":"ImageObject","inLanguage":"de","@id":"http:\/\/www.alexandra-marisa-wilcke.de\/wilcke\/der-koenig-der-loewen-1994-und-2019\/#primaryimage","url":"http:\/\/www.alexandra-marisa-wilcke.de\/wilcke\/wp-content\/uploads\/alexandra_wilcke_news_34-1.jpg","contentUrl":"http:\/\/www.alexandra-marisa-wilcke.de\/wilcke\/wp-content\/uploads\/alexandra_wilcke_news_34-1.jpg","width":508,"height":562},{"@type":"BreadcrumbList","@id":"http:\/\/www.alexandra-marisa-wilcke.de\/wilcke\/der-koenig-der-loewen-1994-und-2019\/#breadcrumb","itemListElement":[{"@type":"ListItem","position":1,"name":"Startseite","item":"https:\/\/www.alexandra-marisa-wilcke.de\/wilcke\/"},{"@type":"ListItem","position":2,"name":"Der K\u00f6nig der L\u00f6wen 1994 und 2019"}]},{"@type":"WebSite","@id":"http:\/\/www.alexandra-marisa-wilcke.de\/wilcke\/#website","url":"http:\/\/www.alexandra-marisa-wilcke.de\/wilcke\/","name":"ALEXANDRA MARISA WILCKE - Official Website -","description":"ALEXANDRA MARISA WILCKE - Official Website -","alternateName":"ALEXANDRA MARISA WILCKE - Official Website -","potentialAction":[{"@type":"SearchAction","target":{"@type":"EntryPoint","urlTemplate":"http:\/\/www.alexandra-marisa-wilcke.de\/wilcke\/?s={search_term_string}"},"query-input":{"@type":"PropertyValueSpecification","valueRequired":true,"valueName":"search_term_string"}}],"inLanguage":"de"},{"@type":"Person","@id":"http:\/\/www.alexandra-marisa-wilcke.de\/wilcke\/#\/schema\/person\/28e0d3d3251d3f20c485c462a86857b1","name":"a w","image":{"@type":"ImageObject","inLanguage":"de","@id":"https:\/\/secure.gravatar.com\/avatar\/957677febdea8765127355bc1a4d1591d2c31448dc404665e1aed5088469ac61?s=96&d=mm&r=g","url":"https:\/\/secure.gravatar.com\/avatar\/957677febdea8765127355bc1a4d1591d2c31448dc404665e1aed5088469ac61?s=96&d=mm&r=g","contentUrl":"https:\/\/secure.gravatar.com\/avatar\/957677febdea8765127355bc1a4d1591d2c31448dc404665e1aed5088469ac61?s=96&d=mm&r=g","caption":"a w"}}]}},"_links":{"self":[{"href":"http:\/\/www.alexandra-marisa-wilcke.de\/wilcke\/wp-json\/wp\/v2\/posts\/3727","targetHints":{"allow":["GET"]}}],"collection":[{"href":"http:\/\/www.alexandra-marisa-wilcke.de\/wilcke\/wp-json\/wp\/v2\/posts"}],"about":[{"href":"http:\/\/www.alexandra-marisa-wilcke.de\/wilcke\/wp-json\/wp\/v2\/types\/post"}],"author":[{"embeddable":true,"href":"http:\/\/www.alexandra-marisa-wilcke.de\/wilcke\/wp-json\/wp\/v2\/users\/3"}],"replies":[{"embeddable":true,"href":"http:\/\/www.alexandra-marisa-wilcke.de\/wilcke\/wp-json\/wp\/v2\/comments?post=3727"}],"version-history":[{"count":5,"href":"http:\/\/www.alexandra-marisa-wilcke.de\/wilcke\/wp-json\/wp\/v2\/posts\/3727\/revisions"}],"predecessor-version":[{"id":3734,"href":"http:\/\/www.alexandra-marisa-wilcke.de\/wilcke\/wp-json\/wp\/v2\/posts\/3727\/revisions\/3734"}],"wp:featuredmedia":[{"embeddable":true,"href":"http:\/\/www.alexandra-marisa-wilcke.de\/wilcke\/wp-json\/wp\/v2\/media\/3731"}],"wp:attachment":[{"href":"http:\/\/www.alexandra-marisa-wilcke.de\/wilcke\/wp-json\/wp\/v2\/media?parent=3727"}],"wp:term":[{"taxonomy":"category","embeddable":true,"href":"http:\/\/www.alexandra-marisa-wilcke.de\/wilcke\/wp-json\/wp\/v2\/categories?post=3727"},{"taxonomy":"post_tag","embeddable":true,"href":"http:\/\/www.alexandra-marisa-wilcke.de\/wilcke\/wp-json\/wp\/v2\/tags?post=3727"}],"curies":[{"name":"wp","href":"https:\/\/api.w.org\/{rel}","templated":true}]}}